{"id":1506,"date":"2016-04-08T16:46:35","date_gmt":"2016-04-08T14:46:35","guid":{"rendered":"http:\/\/www.carautodemolitori.it\/wordpress\/?p=1506"},"modified":"2016-04-08T16:46:35","modified_gmt":"2016-04-08T14:46:35","slug":"assemblea-regionale-autodemolitori-sicilia","status":"publish","type":"post","link":"https:\/\/www.carautodemolitori.it\/site\/assemblea-regionale-autodemolitori-sicilia\/","title":{"rendered":"Assemblea Regionale Autodemolitori Sicilia"},"content":{"rendered":"<h2 style=\"text-align: center;\">Assemblea Regionale Autodemolitori Sicilia<\/h2>\n<p style=\"text-align: center;\">Roma, 7 Aprile \u00a02016 &#8211;\u00a0Prot. 37U-04.16_S<\/p>\n<p style=\"text-align: center;\"><strong>Ai Soci CAR della Sicilia &#8211; Loro Indirizzi <\/strong><\/p>\n<p><strong>Oggetto: Assemblea Regionale di Categoria <\/strong><\/p>\n<p>Egregio Socio,<\/p>\n<p>la scrivente Confederazione Autodemolitori Riuniti (CAR), \u00e8 lieta di convocarti all\u2019Assemblea Regionale degli Autodemolitori e Rottamatori della Sicilia, \u00a0che si terr\u00e0\u00a0 il prossimo \u00a0<strong>15 Aprile, ore 15,00, presso la sede CNA Prov.le di Catania, \u00a0sita in\u00a0 p.zza dei Martiri, 8, 95131, tel. 095\/7465294, <\/strong>con il seguente<\/p>\n<p><strong>Ordine del giorno:<\/strong><\/p>\n<p>1) Analisi nostra Manifestazione di protesta innanzi alla Camera dei Deputati &#8211; Roma, 10 Dicembre 2015\u00a0 ( <em>cfr. doc sui Motivi, in allegato<\/em>);<\/p>\n<p>2) evoluzione tematiche esposte nel relativo Manifesto;<\/p>\n<p>3) strategie associative;<\/p>\n<p>4) problematiche locali;<\/p>\n<p>5) varie ed eventuali.<\/p>\n<p>Oltre al Presidente <strong>Alfonso Gifuni<\/strong>, saranno presenti il consigliere nazionale <strong>Benedetto Belvedere<\/strong> e <strong>Francesco Sanfilippo<\/strong>, responsabili \u00a0per la Sicilia, \u00a0il <strong>dott. Salvatore Belfiore<\/strong>, <em>responsabile regionale CNA Autoriparatori<\/em> e la <strong>dr.ssa Ersilia Di Pasquale, <\/strong><em>responsabile CNA Formazione<\/em>.<\/p>\n<p>Sono state invitate a partecipare tutte le Istituzioni e gli organi di controllo locali.<\/p>\n<p style=\"text-align: center;\"><img decoding=\"async\" class=\"aligncenter wp-image-1238 lazyload\" data-src=\"http:\/\/www.carautodemolitori.it\/wordpress\/wp-content\/uploads\/2015\/12\/Sit-in-gente-620x414.png\" alt=\"Sit-in-car\" width=\"467\" height=\"312\" src=\"data:image\/svg+xml;base64,PHN2ZyB3aWR0aD0iMSIgaGVpZ2h0PSIxIiB4bWxucz0iaHR0cDovL3d3dy53My5vcmcvMjAwMC9zdmciPjwvc3ZnPg==\" style=\"--smush-placeholder-width: 467px; --smush-placeholder-aspect-ratio: 467\/312;\" \/><\/p>\n<p style=\"text-align: center;\"><a href=\"http:\/\/www.carautodemolitori.it\/wordpress\/manifestazione-protesta-car-cna-roma-video-degli-interventi\/\">Manifestazione di protesta CAR-CNA a Roma<\/a>\u00a0&#8211;\u00a0<a href=\"http:\/\/www.carautodemolitori.it\/wordpress\/manifestazione-protesta-car-cna-roma-video-degli-interventi\/\">I video degli interventi<\/a><\/p>\n<p><strong><u>Motivi della recente Manifestazione CAR- CNA<\/u><\/strong><\/p>\n<p><strong><u>CAR \u00a0ritiene che<\/u><\/strong><strong> <u>se ci fosse il pieno rispetto delle regole gi\u00e0 date, la filiera sarebbe ottimizzata e non avrebbe disfunzioni di sorta! Per questo, si \u00e8 scesi\u00a0 lo scorso 10 Dicembre innanzi alla Camera dei Deputati. In particolare, si manifestava per:<\/u><\/strong><\/p>\n<ol>\n<li>lo spropositato aumento delle radiazioni per esportazioni all\u2019Estero dei veicoli, che sottrae materiale ai nostri impianti. CAR fin da tempi non sospetti ha segnalato l\u2019anomalia di questo fenomeno, chiedendone una risoluzione;<\/li>\n<li>l\u2019abbattimento del prezzo del rottame, in funzione anche dell\u2019importazione di acciaio da Stati Terzi, senza alcuna garanzia del rispetto delle norme ambientali e di tutela del lavoro;<\/li>\n<li>l\u2019assenza di regole certe nella filiera del fine vita del veicolo, che consentono comportamenti arbitrari da parte dei <em>partners<\/em> ;<\/li>\n<li>necessit\u00e0 di dotare gli operatori del settore di Roma di autorizzazioni all\u2019attivit\u00e0 certe e non pi\u00f9 precarie. Ultimamente a risoluzione si \u00e8 chiesto incontro con il Commissario Straordinario di Roma Capitale<em>;<\/em><\/li>\n<li>un Sistri riprogettato e pi\u00f9 semplice da usare, senza oneri ingiustificati in capo agli autodemolitori.<\/li>\n<\/ol>\n","protected":false},"excerpt":{"rendered":"<p>Assemblea Regionale Autodemolitori Sicilia Roma, 7 Aprile \u00a02016 &#8211;\u00a0Prot. 37U-04.16_S Ai Soci CAR della Sicilia &#8211; Loro Indirizzi Oggetto: Assemblea Regionale di Categoria Egregio Socio, la scrivente Confederazione Autodemolitori Riuniti (CAR), \u00e8 lieta di convocarti all\u2019Assemblea Regionale degli Autodemolitori e Rottamatori della Sicilia, \u00a0che si terr\u00e0\u00a0 il prossimo \u00a015 Aprile, ore 15,00, presso la sede [&hellip;]<\/p>\n","protected":false},"author":3,"featured_media":876,"comment_status":"closed","ping_status":"open","sticky":false,"template":"","format":"standard","meta":{"footnotes":""},"categories":[54,8],"tags":[],"class_list":["post-1506","post","type-post","status-publish","format-standard","has-post-thumbnail","hentry","category-circolari","category-eventi"],"_links":{"self":[{"href":"https:\/\/www.carautodemolitori.it\/site\/wp-json\/wp\/v2\/posts\/1506","targetHints":{"allow":["GET"]}}],"collection":[{"href":"https:\/\/www.carautodemolitori.it\/site\/wp-json\/wp\/v2\/posts"}],"about":[{"href":"https:\/\/www.carautodemolitori.it\/site\/wp-json\/wp\/v2\/types\/post"}],"author":[{"embeddable":true,"href":"https:\/\/www.carautodemolitori.it\/site\/wp-json\/wp\/v2\/users\/3"}],"replies":[{"embeddable":true,"href":"https:\/\/www.carautodemolitori.it\/site\/wp-json\/wp\/v2\/comments?post=1506"}],"version-history":[{"count":0,"href":"https:\/\/www.carautodemolitori.it\/site\/wp-json\/wp\/v2\/posts\/1506\/revisions"}],"wp:featuredmedia":[{"embeddable":true,"href":"https:\/\/www.carautodemolitori.it\/site\/wp-json\/"}],"wp:attachment":[{"href":"https:\/\/www.carautodemolitori.it\/site\/wp-json\/wp\/v2\/media?parent=1506"}],"wp:term":[{"taxonomy":"category","embeddable":true,"href":"https:\/\/www.carautodemolitori.it\/site\/wp-json\/wp\/v2\/categories?post=1506"},{"taxonomy":"post_tag","embeddable":true,"href":"https:\/\/www.carautodemolitori.it\/site\/wp-json\/wp\/v2\/tags?post=1506"}],"curies":[{"name":"wp","href":"https:\/\/api.w.org\/{rel}","templated":true}]}}